{"id":3128,"date":"2024-09-05T14:16:10","date_gmt":"2024-09-05T12:16:10","guid":{"rendered":"https:\/\/ambbeirut.esteri.it\/?p=3128"},"modified":"2024-10-09T18:48:18","modified_gmt":"2024-10-09T16:48:18","slug":"visita-in-libano-del-capo-smd-ammiraglio-cavo-dragone-04-settembre-2024","status":"publish","type":"post","link":"https:\/\/ambbeirut.esteri.it\/it\/news\/dall_ambasciata\/2024\/09\/visita-in-libano-del-capo-smd-ammiraglio-cavo-dragone-04-settembre-2024\/","title":{"rendered":"Visita in Libano del Capo SMD Ammiraglio Cavo Dragone (4 &#8211; 5 settembre 2024)"},"content":{"rendered":"<p style=\"text-align: justify;\">Il Comandante di Stato Maggiore Difesa, Ammiraglio Giuseppe Cavo Dragone, si \u00e8 recato in visita a Beirut dove ha incontrato il Comandante delle Forze Armate Libanesi, Gen. Joseph Aoun.<\/p>\n<p style=\"text-align: justify;\">L&#8217;incontro \u00e8 stato un&#8217;occasione per discutere i mezzi per rafforzare sempre pi\u00f9 la cooperazione tra le due Forze Armate, parlare della situazione in generale e degli ultimi sviluppi nel Sud nonch\u00e9 per rinnovare l&#8217;impegno costante dell&#8217;Italia nei confronti del Libano.<\/p>\n","protected":false},"excerpt":{"rendered":"Il Comandante di Stato Maggiore Difesa, Ammiraglio Giuseppe Cavo Dragone, si \u00e8 recato in visita a Beirut dove ha incontrato il Comandante delle Forze Armate Libanesi, Gen. Joseph Aoun. L&#8217;incontro \u00e8 stato un&#8217;occasione per discutere i mezzi per rafforzare sempre pi\u00f9 la cooperazione tra le due Forze Armate, parlare della situazione in generale e degli [&hellip;]","protected":false},"author":6,"featured_media":3131,"comment_status":"closed","ping_status":"closed","sticky":false,"template":"","format":"standard","meta":{"footnotes":""},"tags":[30],"class_list":["post-3128","post","type-post","status-publish","format-standard","has-post-thumbnail","hentry","tag-visite-ufficiali-dal-2020"],"_links":{"self":[{"href":"https:\/\/ambbeirut.esteri.it\/it\/wp-json\/wp\/v2\/posts\/3128","targetHints":{"allow":["GET"]}}],"collection":[{"href":"https:\/\/ambbeirut.esteri.it\/it\/wp-json\/wp\/v2\/posts"}],"about":[{"href":"https:\/\/ambbeirut.esteri.it\/it\/wp-json\/wp\/v2\/types\/post"}],"author":[{"embeddable":true,"href":"https:\/\/ambbeirut.esteri.it\/it\/wp-json\/wp\/v2\/users\/6"}],"replies":[{"embeddable":true,"href":"https:\/\/ambbeirut.esteri.it\/it\/wp-json\/wp\/v2\/comments?post=3128"}],"version-history":[{"count":5,"href":"https:\/\/ambbeirut.esteri.it\/it\/wp-json\/wp\/v2\/posts\/3128\/revisions"}],"predecessor-version":[{"id":3272,"href":"https:\/\/ambbeirut.esteri.it\/it\/wp-json\/wp\/v2\/posts\/3128\/revisions\/3272"}],"wp:featuredmedia":[{"embeddable":true,"href":"https:\/\/ambbeirut.esteri.it\/it\/wp-json\/wp\/v2\/media\/3131"}],"wp:attachment":[{"href":"https:\/\/ambbeirut.esteri.it\/it\/wp-json\/wp\/v2\/media?parent=3128"}],"wp:term":[{"taxonomy":"post_tag","embeddable":true,"href":"https:\/\/ambbeirut.esteri.it\/it\/wp-json\/wp\/v2\/tags?post=3128"}],"curies":[{"name":"wp","href":"https:\/\/api.w.org\/{rel}","templated":true}]}}